{"id":887,"date":"2019-10-28T15:37:43","date_gmt":"2019-10-28T15:37:43","guid":{"rendered":"http:\/\/voelas-wp.dan-fisher.com\/?post_type=speaker_post&#038;p=887"},"modified":"2020-07-20T10:11:48","modified_gmt":"2020-07-20T10:11:48","slug":"chritine-eve","status":"publish","type":"speaker_post","link":"https:\/\/festival262.com\/pt\/speaker_post\/chritine-eve\/","title":{"rendered":"Chritine Eve"},"content":{"rendered":"<div data-elementor-type=\"wp-post\" data-elementor-id=\"887\" class=\"elementor elementor-887\">\n\t\t\t\t\t\t<section class=\"elementor-section elementor-top-section elementor-element elementor-element-4bc105af elementor-section-boxed elementor-section-height-default elementor-section-height-default\" data-id=\"4bc105af\" data-element_type=\"section\" data-e-type=\"section\">\n\t\t\t\t\t\t<div class=\"elementor-container elementor-column-gap-default\">\n\t\t\t\t\t<div class=\"elementor-column elementor-col-100 elementor-top-column elementor-element elementor-element-21f756b9\" data-id=\"21f756b9\" data-element_type=\"column\" data-e-type=\"column\">\n\t\t\t<div class=\"elementor-widget-wrap elementor-element-populated\">\n\t\t\t\t\t\t<div class=\"elementor-element elementor-element-2ad360c4 elementor-widget elementor-widget-text-editor\" data-id=\"2ad360c4\" data-element_type=\"widget\" data-e-type=\"widget\" data-widget_type=\"text-editor.default\">\n\t\t\t\t<div class=\"elementor-widget-container\">\n\t\t\t\t\t\t\t\t\t\n<p> Sed quia conse quuntur magni dolores eos qui ratione voluptatem sequi nesciunt. Lorem ipsum dolor sit amet, consectetur adipiscing elit, sed do eiusmod tempor incididunt ut labore et dolore magna aliqua. Ut enim ad minim veniam, quis nostrud exercitation ullamco laboris nisi ut aliquip ex ea commodo consequat. Existem muitas varia\u00e7\u00f5es de passagens de Lorem Ipsum dispon\u00edveis, mas a maioria sofreu altera\u00e7\u00f5es de alguma forma, por humor injetado, ou palavras aleat\u00f3rias que n\u00e3o parecem sequer ligeiramente cred\u00edveis. Se vai utilizar uma passagem de Lorem Ipsum, tem de ter a certeza de que n\u00e3o h\u00e1 nada embara\u00e7oso escondido no meio do texto. Todos os geradores Lorem Ipsum na Internet tendem a repetir peda\u00e7os predefinidos conforme necess\u00e1rio, tornando-o o primeiro gerador verdadeiro na Internet. Ele usa um dicion\u00e1rio de mais de 200 palavras latinas, combinadas com um punhado de estruturas de senten\u00e7a modelo, para gerar Lorem Ipsum que parece razo\u00e1vel. O Lorem Ipsum gerado \u00e9, portanto, sempre livre de repeti\u00e7\u00e3o, humor injetado, ou palavras n\u00e3o-caracter\u00edsticas etc. <\/p>\n\n\n\n<blockquote class=\"wp-block-quote is-layout-flow wp-block-quote-is-layout-flow\"><p> <em>\u00abSED UT PERSPICIATIS UNDE OMNIS ISTE NATUS ERROR SIT VOLUPTATEM CUSANTIUM DOLOREMQUE LAUDANTIUM TOTAM REM\u00bb<\/em> <\/p><\/blockquote>\n\n\n\n<p> \u00c9 um facto h\u00e1 muito estabelecido que um leitor se distrai com o conte\u00fado leg\u00edvel de uma p\u00e1gina quando olha para o seu layout. O ponto de usar Lorem Ipsum \u00e9 que tem uma distribui\u00e7\u00e3o mais ou menos normal de letras, em vez de usar \"Conte\u00fado aqui, conte\u00fado aqui\", fazendo com que pare\u00e7a ingl\u00eas leg\u00edvel. Muitos pacotes de publica\u00e7\u00e3o em ambiente de trabalho e editores de p\u00e1ginas Web utilizam agora o Lorem Ipsum como texto modelo predefinido, e uma pesquisa por \u00ablorem ipsum\u00bb revelar\u00e1 muitos s\u00edtios Web ainda na sua inf\u00e2ncia. V\u00e1rias vers\u00f5es evolu\u00edram ao longo dos anos, \u00e0s vezes por acidente. <\/p>\n\t\t\t\t\t\t\t\t<\/div>\n\t\t\t\t<\/div>\n\t\t\t\t\t<\/div>\n\t\t<\/div>\n\t\t\t\t\t<\/div>\n\t\t<\/section>\n\t\t\t\t<section class=\"elementor-section elementor-top-section elementor-element elementor-element-47e5d3f elementor-section-stretched elementor-section-boxed elementor-section-height-default elementor-section-height-default\" data-id=\"47e5d3f\" data-element_type=\"section\" data-e-type=\"section\" data-settings=\"{&quot;stretch_section&quot;:&quot;section-stretched&quot;}\">\n\t\t\t\t\t\t<div class=\"elementor-container elementor-column-gap-no\">\n\t\t\t\t\t<div class=\"elementor-column elementor-col-100 elementor-top-column elementor-element elementor-element-f448b7f\" data-id=\"f448b7f\" data-element_type=\"column\" data-e-type=\"column\">\n\t\t\t<div class=\"elementor-widget-wrap\">\n\t\t\t\t\t\t\t<\/div>\n\t\t<\/div>\n\t\t\t\t\t<\/div>\n\t\t<\/section>\n\t\t\t\t<\/div>","protected":false},"featured_media":832,"template":"","tax_speakers":[17],"class_list":["post-887","speaker_post","type-speaker_post","status-publish","has-post-thumbnail","hentry","tax_speakers-senior-speaker"],"acf":[],"yoast_head":"<!-- This site is optimized with the Yoast SEO plugin v27.5 - https:\/\/yoast.com\/product\/yoast-seo-wordpress\/ -->\n<title>Chritine Eve - F\/262 Festival Internacional de Fotografia<\/title>\n<meta name=\"robots\" content=\"index, follow, max-snippet:-1, max-image-preview:large, max-video-preview:-1\" \/>\n<link rel=\"canonical\" href=\"https:\/\/festival262.com\/pt\/speaker_post\/chritine-eve\/\" \/>\n<meta property=\"og:locale\" content=\"pt_PT\" \/>\n<meta property=\"og:type\" content=\"article\" \/>\n<meta property=\"og:title\" content=\"Chritine Eve - F\/262 Festival Internacional de Fotografia\" \/>\n<meta property=\"og:description\" content=\"Sed quia conse quuntur magni dolores eos qui ratione voluptatem sequi nesciunt. Lorem ipsum dolor sit amet, consectetur adipiscing elit, sed do eiusmod tempor incididunt ut labore et dolore magna aliqua. Ut enim ad minim veniam, quis nostrud exercitation ullamco laboris nisi ut aliquip ex ea commodo consequat. There are many variations of passages of [&hellip;]\" \/>\n<meta property=\"og:url\" content=\"https:\/\/festival262.com\/pt\/speaker_post\/chritine-eve\/\" \/>\n<meta property=\"og:site_name\" content=\"F\/262 Festival Internacional de Fotografia\" \/>\n<meta property=\"article:modified_time\" content=\"2020-07-20T10:11:48+00:00\" \/>\n<meta property=\"og:image\" content=\"https:\/\/festival262.com\/wp-content\/uploads\/2019\/10\/speaker-03-330x354-1.jpg\" \/>\n\t<meta property=\"og:image:width\" content=\"330\" \/>\n\t<meta property=\"og:image:height\" content=\"354\" \/>\n\t<meta property=\"og:image:type\" content=\"image\/jpeg\" \/>\n<meta name=\"twitter:card\" content=\"summary_large_image\" \/>\n<meta name=\"twitter:label1\" content=\"Tempo estimado de leitura\" \/>\n\t<meta name=\"twitter:data1\" content=\"2 minutos\" \/>\n<script type=\"application\/ld+json\" class=\"yoast-schema-graph\">{\"@context\":\"https:\\\/\\\/schema.org\",\"@graph\":[{\"@type\":\"WebPage\",\"@id\":\"https:\\\/\\\/festival262.com\\\/speaker_post\\\/chritine-eve\\\/\",\"url\":\"https:\\\/\\\/festival262.com\\\/speaker_post\\\/chritine-eve\\\/\",\"name\":\"Chritine Eve - F\\\/262 Festival Internacional de Fotografia\",\"isPartOf\":{\"@id\":\"https:\\\/\\\/festival262.com\\\/#website\"},\"primaryImageOfPage\":{\"@id\":\"https:\\\/\\\/festival262.com\\\/speaker_post\\\/chritine-eve\\\/#primaryimage\"},\"image\":{\"@id\":\"https:\\\/\\\/festival262.com\\\/speaker_post\\\/chritine-eve\\\/#primaryimage\"},\"thumbnailUrl\":\"https:\\\/\\\/festival262.com\\\/wp-content\\\/uploads\\\/2019\\\/10\\\/speaker-03-330x354-1.jpg\",\"datePublished\":\"2019-10-28T15:37:43+00:00\",\"dateModified\":\"2020-07-20T10:11:48+00:00\",\"breadcrumb\":{\"@id\":\"https:\\\/\\\/festival262.com\\\/speaker_post\\\/chritine-eve\\\/#breadcrumb\"},\"inLanguage\":\"pt-PT\",\"potentialAction\":[{\"@type\":\"ReadAction\",\"target\":[\"https:\\\/\\\/festival262.com\\\/speaker_post\\\/chritine-eve\\\/\"]}]},{\"@type\":\"ImageObject\",\"inLanguage\":\"pt-PT\",\"@id\":\"https:\\\/\\\/festival262.com\\\/speaker_post\\\/chritine-eve\\\/#primaryimage\",\"url\":\"https:\\\/\\\/festival262.com\\\/wp-content\\\/uploads\\\/2019\\\/10\\\/speaker-03-330x354-1.jpg\",\"contentUrl\":\"https:\\\/\\\/festival262.com\\\/wp-content\\\/uploads\\\/2019\\\/10\\\/speaker-03-330x354-1.jpg\",\"width\":330,\"height\":354},{\"@type\":\"BreadcrumbList\",\"@id\":\"https:\\\/\\\/festival262.com\\\/speaker_post\\\/chritine-eve\\\/#breadcrumb\",\"itemListElement\":[{\"@type\":\"ListItem\",\"position\":1,\"name\":\"Home\",\"item\":\"https:\\\/\\\/festival262.com\\\/\"},{\"@type\":\"ListItem\",\"position\":2,\"name\":\"Chritine Eve\"}]},{\"@type\":\"WebSite\",\"@id\":\"https:\\\/\\\/festival262.com\\\/#website\",\"url\":\"https:\\\/\\\/festival262.com\\\/\",\"name\":\"F7262 Fetsival Internacional de Fotografia\",\"description\":\"Photography as Culture, Community, and Practice\",\"publisher\":{\"@id\":\"https:\\\/\\\/festival262.com\\\/#organization\"},\"alternateName\":\"Festival262\",\"potentialAction\":[{\"@type\":\"SearchAction\",\"target\":{\"@type\":\"EntryPoint\",\"urlTemplate\":\"https:\\\/\\\/festival262.com\\\/?s={search_term_string}\"},\"query-input\":{\"@type\":\"PropertyValueSpecification\",\"valueRequired\":true,\"valueName\":\"search_term_string\"}}],\"inLanguage\":\"pt-PT\"},{\"@type\":\"Organization\",\"@id\":\"https:\\\/\\\/festival262.com\\\/#organization\",\"name\":\"F\\\/262 Festival Internacional de Fotografia\",\"url\":\"https:\\\/\\\/festival262.com\\\/\",\"logo\":{\"@type\":\"ImageObject\",\"inLanguage\":\"pt-PT\",\"@id\":\"https:\\\/\\\/festival262.com\\\/#\\\/schema\\\/logo\\\/image\\\/\",\"url\":\"https:\\\/\\\/festival262.com\\\/wp-content\\\/uploads\\\/2019\\\/10\\\/cropped-f-262-icon-e-logo-scaled-1.png\",\"contentUrl\":\"https:\\\/\\\/festival262.com\\\/wp-content\\\/uploads\\\/2019\\\/10\\\/cropped-f-262-icon-e-logo-scaled-1.png\",\"width\":2558,\"height\":1048,\"caption\":\"F\\\/262 Festival Internacional de Fotografia\"},\"image\":{\"@id\":\"https:\\\/\\\/festival262.com\\\/#\\\/schema\\\/logo\\\/image\\\/\"}}]}<\/script>\n<!-- \/ Yoast SEO plugin. -->","yoast_head_json":{"title":"Chritine Eve - F\/262 Festival Internacional de Fotografia","robots":{"index":"index","follow":"follow","max-snippet":"max-snippet:-1","max-image-preview":"max-image-preview:large","max-video-preview":"max-video-preview:-1"},"canonical":"https:\/\/festival262.com\/pt\/speaker_post\/chritine-eve\/","og_locale":"pt_PT","og_type":"article","og_title":"Chritine Eve - F\/262 Festival Internacional de Fotografia","og_description":"Sed quia conse quuntur magni dolores eos qui ratione voluptatem sequi nesciunt. Lorem ipsum dolor sit amet, consectetur adipiscing elit, sed do eiusmod tempor incididunt ut labore et dolore magna aliqua. Ut enim ad minim veniam, quis nostrud exercitation ullamco laboris nisi ut aliquip ex ea commodo consequat. There are many variations of passages of [&hellip;]","og_url":"https:\/\/festival262.com\/pt\/speaker_post\/chritine-eve\/","og_site_name":"F\/262 Festival Internacional de Fotografia","article_modified_time":"2020-07-20T10:11:48+00:00","og_image":[{"width":330,"height":354,"url":"https:\/\/festival262.com\/wp-content\/uploads\/2019\/10\/speaker-03-330x354-1.jpg","type":"image\/jpeg"}],"twitter_card":"summary_large_image","twitter_misc":{"Tempo estimado de leitura":"2 minutos"},"schema":{"@context":"https:\/\/schema.org","@graph":[{"@type":"WebPage","@id":"https:\/\/festival262.com\/speaker_post\/chritine-eve\/","url":"https:\/\/festival262.com\/speaker_post\/chritine-eve\/","name":"Chritine Eve - F\/262 Festival Internacional de Fotografia","isPartOf":{"@id":"https:\/\/festival262.com\/#website"},"primaryImageOfPage":{"@id":"https:\/\/festival262.com\/speaker_post\/chritine-eve\/#primaryimage"},"image":{"@id":"https:\/\/festival262.com\/speaker_post\/chritine-eve\/#primaryimage"},"thumbnailUrl":"https:\/\/festival262.com\/wp-content\/uploads\/2019\/10\/speaker-03-330x354-1.jpg","datePublished":"2019-10-28T15:37:43+00:00","dateModified":"2020-07-20T10:11:48+00:00","breadcrumb":{"@id":"https:\/\/festival262.com\/speaker_post\/chritine-eve\/#breadcrumb"},"inLanguage":"pt-PT","potentialAction":[{"@type":"ReadAction","target":["https:\/\/festival262.com\/speaker_post\/chritine-eve\/"]}]},{"@type":"ImageObject","inLanguage":"pt-PT","@id":"https:\/\/festival262.com\/speaker_post\/chritine-eve\/#primaryimage","url":"https:\/\/festival262.com\/wp-content\/uploads\/2019\/10\/speaker-03-330x354-1.jpg","contentUrl":"https:\/\/festival262.com\/wp-content\/uploads\/2019\/10\/speaker-03-330x354-1.jpg","width":330,"height":354},{"@type":"BreadcrumbList","@id":"https:\/\/festival262.com\/speaker_post\/chritine-eve\/#breadcrumb","itemListElement":[{"@type":"ListItem","position":1,"name":"Home","item":"https:\/\/festival262.com\/"},{"@type":"ListItem","position":2,"name":"Chritine Eve"}]},{"@type":"WebSite","@id":"https:\/\/festival262.com\/#website","url":"https:\/\/festival262.com\/","name":"F7262 Fetsival Internacional de Fotografia","description":"Photography as Culture, Community, and Practice","publisher":{"@id":"https:\/\/festival262.com\/#organization"},"alternateName":"Festival262","potentialAction":[{"@type":"SearchAction","target":{"@type":"EntryPoint","urlTemplate":"https:\/\/festival262.com\/?s={search_term_string}"},"query-input":{"@type":"PropertyValueSpecification","valueRequired":true,"valueName":"search_term_string"}}],"inLanguage":"pt-PT"},{"@type":"Organization","@id":"https:\/\/festival262.com\/#organization","name":"F\/262 Festival Internacional de Fotografia","url":"https:\/\/festival262.com\/","logo":{"@type":"ImageObject","inLanguage":"pt-PT","@id":"https:\/\/festival262.com\/#\/schema\/logo\/image\/","url":"https:\/\/festival262.com\/wp-content\/uploads\/2019\/10\/cropped-f-262-icon-e-logo-scaled-1.png","contentUrl":"https:\/\/festival262.com\/wp-content\/uploads\/2019\/10\/cropped-f-262-icon-e-logo-scaled-1.png","width":2558,"height":1048,"caption":"F\/262 Festival Internacional de Fotografia"},"image":{"@id":"https:\/\/festival262.com\/#\/schema\/logo\/image\/"}}]}},"_links":{"self":[{"href":"https:\/\/festival262.com\/pt\/wp-json\/wp\/v2\/speaker_post\/887","targetHints":{"allow":["GET"]}}],"collection":[{"href":"https:\/\/festival262.com\/pt\/wp-json\/wp\/v2\/speaker_post"}],"about":[{"href":"https:\/\/festival262.com\/pt\/wp-json\/wp\/v2\/types\/speaker_post"}],"version-history":[{"count":0,"href":"https:\/\/festival262.com\/pt\/wp-json\/wp\/v2\/speaker_post\/887\/revisions"}],"wp:featuredmedia":[{"embeddable":true,"href":"https:\/\/festival262.com\/pt\/wp-json\/wp\/v2\/media\/832"}],"wp:attachment":[{"href":"https:\/\/festival262.com\/pt\/wp-json\/wp\/v2\/media?parent=887"}],"wp:term":[{"taxonomy":"tax_speakers","embeddable":true,"href":"https:\/\/festival262.com\/pt\/wp-json\/wp\/v2\/tax_speakers?post=887"}],"curies":[{"name":"wp","href":"https:\/\/api.w.org\/{rel}","templated":true}]}}