{"id":884,"date":"2019-10-28T15:32:58","date_gmt":"2019-10-28T15:32:58","guid":{"rendered":"http:\/\/voelas-wp.dan-fisher.com\/?post_type=speaker_post&amp;p=884"},"modified":"2019-10-28T15:32:58","modified_gmt":"2019-10-28T15:32:58","slug":"john-smith","status":"publish","type":"speaker_post","link":"https:\/\/festival262.com\/fr\/speaker_post\/john-smith\/","title":{"rendered":"John Smith"},"content":{"rendered":"<div data-elementor-type=\"wp-post\" data-elementor-id=\"884\" class=\"elementor elementor-884\">\n\t\t\t\t\t\t<section class=\"elementor-section elementor-top-section elementor-element elementor-element-1c55438a elementor-section-boxed elementor-section-height-default elementor-section-height-default\" data-id=\"1c55438a\" data-element_type=\"section\" data-e-type=\"section\">\n\t\t\t\t\t\t<div class=\"elementor-container elementor-column-gap-default\">\n\t\t\t\t\t<div class=\"elementor-column elementor-col-100 elementor-top-column elementor-element elementor-element-64bcf541\" data-id=\"64bcf541\" data-element_type=\"column\" data-e-type=\"column\">\n\t\t\t<div class=\"elementor-widget-wrap elementor-element-populated\">\n\t\t\t\t\t\t<div class=\"elementor-element elementor-element-c0f6e95 elementor-widget elementor-widget-text-editor\" data-id=\"c0f6e95\" data-element_type=\"widget\" data-e-type=\"widget\" data-widget_type=\"text-editor.default\">\n\t\t\t\t<div class=\"elementor-widget-container\">\n\t\t\t\t\t\t\t\t\t\n<p> Sed quia conse quuntur magni dolores eos qui ratione voluptatem sequi nesciunt. Lorem ipsum dolor sit amet, consectetur adipiscing elit, sed do eiusmod tempor incididunt ut labore et dolore magna aliqua. Ut enim ad minim veniam, quis nostrud exercitation ullamco laboris nisi ut aliquip ex ea commodo consequat. Il existe de nombreuses variantes de passages de Lorem Ipsum disponibles, mais la majorit\u00e9 ont subi une alt\u00e9ration sous une forme ou une autre, par humour inject\u00e9 ou par des mots randomis\u00e9s qui ne semblent m\u00eame pas l\u00e9g\u00e8rement cr\u00e9dibles. Si vous allez utiliser un passage de Lorem Ipsum, vous devez vous assurer qu\u2019il n\u2019y a rien d\u2019embarrassant cach\u00e9 au milieu du texte. Tous les g\u00e9n\u00e9rateurs Lorem Ipsum sur Internet ont tendance \u00e0 r\u00e9p\u00e9ter des morceaux pr\u00e9d\u00e9finis si n\u00e9cessaire, ce qui en fait le premier v\u00e9ritable g\u00e9n\u00e9rateur sur Internet. Il utilise un dictionnaire de plus de 200 mots latins, combin\u00e9 avec une poign\u00e9e de structures de phrases mod\u00e8les, pour g\u00e9n\u00e9rer Lorem Ipsum qui semble raisonnable. Le Lorem Ipsum g\u00e9n\u00e9r\u00e9 est donc toujours exempt de r\u00e9p\u00e9tition, d'humour inject\u00e9, de mots non caract\u00e9ristiques, etc. <\/p>\n\n\n\n<blockquote class=\"wp-block-quote is-layout-flow wp-block-quote-is-layout-flow\"><p> <em>\u00abSED UT PERSPICIATIS UNDE OMNIS ISTE NATUS ERROR SIT VOLUPTATEM CUSANTIUM DOLOREMQUE LAUDANTIUM TOTAM REM\u00bb<\/em> <\/p><\/blockquote>\n\n\n\n<p> C'est un fait \u00e9tabli de longue date qu'un lecteur sera distrait par le contenu lisible d'une page lorsqu'il regardera sa mise en page. L\u2019int\u00e9r\u00eat de l\u2019utilisation de Lorem Ipsum est qu\u2019il a une distribution plus ou moins normale des lettres, par opposition \u00e0 l\u2019utilisation de \u00abContenu ici, contenu ici\u00bb, ce qui le rend lisible en anglais. De nombreux logiciels de publication assist\u00e9e par ordinateur et \u00e9diteurs de pages web utilisent d\u00e9sormais Lorem Ipsum comme mod\u00e8le de texte par d\u00e9faut, et une recherche de \u00ablorem ipsum\u00bb permettra de d\u00e9couvrir de nombreux sites web qui en sont encore \u00e0 leurs balbutiements. Diverses versions ont \u00e9volu\u00e9 au fil des ans, parfois par accident. <\/p>\n\t\t\t\t\t\t\t\t<\/div>\n\t\t\t\t<\/div>\n\t\t\t\t\t<\/div>\n\t\t<\/div>\n\t\t\t\t\t<\/div>\n\t\t<\/section>\n\t\t\t\t<section class=\"elementor-section elementor-top-section elementor-element elementor-element-64a8550 elementor-section-stretched elementor-section-boxed elementor-section-height-default elementor-section-height-default\" data-id=\"64a8550\" data-element_type=\"section\" data-e-type=\"section\" data-settings=\"{&quot;stretch_section&quot;:&quot;section-stretched&quot;}\">\n\t\t\t\t\t\t<div class=\"elementor-container elementor-column-gap-no\">\n\t\t\t\t\t<div class=\"elementor-column elementor-col-100 elementor-top-column elementor-element elementor-element-d6fcd01\" data-id=\"d6fcd01\" data-element_type=\"column\" data-e-type=\"column\">\n\t\t\t<div class=\"elementor-widget-wrap\">\n\t\t\t\t\t\t\t<\/div>\n\t\t<\/div>\n\t\t\t\t\t<\/div>\n\t\t<\/section>\n\t\t\t\t<\/div>","protected":false},"featured_media":835,"template":"","tax_speakers":[17],"class_list":["post-884","speaker_post","type-speaker_post","status-publish","has-post-thumbnail","hentry","tax_speakers-senior-speaker"],"acf":[],"yoast_head":"<!-- This site is optimized with the Yoast SEO plugin v27.5 - https:\/\/yoast.com\/product\/yoast-seo-wordpress\/ -->\n<title>John Smith - F\/262 Festival Internacional de Fotografia<\/title>\n<meta name=\"robots\" content=\"index, follow, max-snippet:-1, max-image-preview:large, max-video-preview:-1\" \/>\n<link rel=\"canonical\" href=\"https:\/\/festival262.com\/fr\/speaker_post\/john-smith\/\" \/>\n<meta property=\"og:locale\" content=\"fr_FR\" \/>\n<meta property=\"og:type\" content=\"article\" \/>\n<meta property=\"og:title\" content=\"John Smith - F\/262 Festival Internacional de Fotografia\" \/>\n<meta property=\"og:description\" content=\"Sed quia conse quuntur magni dolores eos qui ratione voluptatem sequi nesciunt. Lorem ipsum dolor sit amet, consectetur adipiscing elit, sed do eiusmod tempor incididunt ut labore et dolore magna aliqua. Ut enim ad minim veniam, quis nostrud exercitation ullamco laboris nisi ut aliquip ex ea commodo consequat. There are many variations of passages of [&hellip;]\" \/>\n<meta property=\"og:url\" content=\"https:\/\/festival262.com\/fr\/speaker_post\/john-smith\/\" \/>\n<meta property=\"og:site_name\" content=\"F\/262 Festival Internacional de Fotografia\" \/>\n<meta property=\"og:image\" content=\"https:\/\/festival262.com\/wp-content\/uploads\/2019\/10\/speaker-06-330x354-1.jpg\" \/>\n\t<meta property=\"og:image:width\" content=\"330\" \/>\n\t<meta property=\"og:image:height\" content=\"354\" \/>\n\t<meta property=\"og:image:type\" content=\"image\/jpeg\" \/>\n<meta name=\"twitter:card\" content=\"summary_large_image\" \/>\n<meta name=\"twitter:label1\" content=\"Dur\u00e9e de lecture estim\u00e9e\" \/>\n\t<meta name=\"twitter:data1\" content=\"2 minutes\" \/>\n<script type=\"application\/ld+json\" class=\"yoast-schema-graph\">{\"@context\":\"https:\\\/\\\/schema.org\",\"@graph\":[{\"@type\":\"WebPage\",\"@id\":\"https:\\\/\\\/festival262.com\\\/speaker_post\\\/john-smith\\\/\",\"url\":\"https:\\\/\\\/festival262.com\\\/speaker_post\\\/john-smith\\\/\",\"name\":\"John Smith - F\\\/262 Festival Internacional de Fotografia\",\"isPartOf\":{\"@id\":\"https:\\\/\\\/festival262.com\\\/#website\"},\"primaryImageOfPage\":{\"@id\":\"https:\\\/\\\/festival262.com\\\/speaker_post\\\/john-smith\\\/#primaryimage\"},\"image\":{\"@id\":\"https:\\\/\\\/festival262.com\\\/speaker_post\\\/john-smith\\\/#primaryimage\"},\"thumbnailUrl\":\"https:\\\/\\\/festival262.com\\\/wp-content\\\/uploads\\\/2019\\\/10\\\/speaker-06-330x354-1.jpg\",\"datePublished\":\"2019-10-28T15:32:58+00:00\",\"breadcrumb\":{\"@id\":\"https:\\\/\\\/festival262.com\\\/speaker_post\\\/john-smith\\\/#breadcrumb\"},\"inLanguage\":\"fr-FR\",\"potentialAction\":[{\"@type\":\"ReadAction\",\"target\":[\"https:\\\/\\\/festival262.com\\\/speaker_post\\\/john-smith\\\/\"]}]},{\"@type\":\"ImageObject\",\"inLanguage\":\"fr-FR\",\"@id\":\"https:\\\/\\\/festival262.com\\\/speaker_post\\\/john-smith\\\/#primaryimage\",\"url\":\"https:\\\/\\\/festival262.com\\\/wp-content\\\/uploads\\\/2019\\\/10\\\/speaker-06-330x354-1.jpg\",\"contentUrl\":\"https:\\\/\\\/festival262.com\\\/wp-content\\\/uploads\\\/2019\\\/10\\\/speaker-06-330x354-1.jpg\",\"width\":330,\"height\":354},{\"@type\":\"BreadcrumbList\",\"@id\":\"https:\\\/\\\/festival262.com\\\/speaker_post\\\/john-smith\\\/#breadcrumb\",\"itemListElement\":[{\"@type\":\"ListItem\",\"position\":1,\"name\":\"Home\",\"item\":\"https:\\\/\\\/festival262.com\\\/\"},{\"@type\":\"ListItem\",\"position\":2,\"name\":\"John Smith\"}]},{\"@type\":\"WebSite\",\"@id\":\"https:\\\/\\\/festival262.com\\\/#website\",\"url\":\"https:\\\/\\\/festival262.com\\\/\",\"name\":\"F7262 Fetsival Internacional de Fotografia\",\"description\":\"Photography as Culture, Community, and Practice\",\"publisher\":{\"@id\":\"https:\\\/\\\/festival262.com\\\/#organization\"},\"alternateName\":\"Festival262\",\"potentialAction\":[{\"@type\":\"SearchAction\",\"target\":{\"@type\":\"EntryPoint\",\"urlTemplate\":\"https:\\\/\\\/festival262.com\\\/?s={search_term_string}\"},\"query-input\":{\"@type\":\"PropertyValueSpecification\",\"valueRequired\":true,\"valueName\":\"search_term_string\"}}],\"inLanguage\":\"fr-FR\"},{\"@type\":\"Organization\",\"@id\":\"https:\\\/\\\/festival262.com\\\/#organization\",\"name\":\"F\\\/262 Festival Internacional de Fotografia\",\"url\":\"https:\\\/\\\/festival262.com\\\/\",\"logo\":{\"@type\":\"ImageObject\",\"inLanguage\":\"fr-FR\",\"@id\":\"https:\\\/\\\/festival262.com\\\/#\\\/schema\\\/logo\\\/image\\\/\",\"url\":\"https:\\\/\\\/festival262.com\\\/wp-content\\\/uploads\\\/2019\\\/10\\\/cropped-f-262-icon-e-logo-scaled-1.png\",\"contentUrl\":\"https:\\\/\\\/festival262.com\\\/wp-content\\\/uploads\\\/2019\\\/10\\\/cropped-f-262-icon-e-logo-scaled-1.png\",\"width\":2558,\"height\":1048,\"caption\":\"F\\\/262 Festival Internacional de Fotografia\"},\"image\":{\"@id\":\"https:\\\/\\\/festival262.com\\\/#\\\/schema\\\/logo\\\/image\\\/\"}}]}<\/script>\n<!-- \/ Yoast SEO plugin. -->","yoast_head_json":{"title":"John Smith - F\/262 Festival Internacional de Fotografia","robots":{"index":"index","follow":"follow","max-snippet":"max-snippet:-1","max-image-preview":"max-image-preview:large","max-video-preview":"max-video-preview:-1"},"canonical":"https:\/\/festival262.com\/fr\/speaker_post\/john-smith\/","og_locale":"fr_FR","og_type":"article","og_title":"John Smith - F\/262 Festival Internacional de Fotografia","og_description":"Sed quia conse quuntur magni dolores eos qui ratione voluptatem sequi nesciunt. Lorem ipsum dolor sit amet, consectetur adipiscing elit, sed do eiusmod tempor incididunt ut labore et dolore magna aliqua. Ut enim ad minim veniam, quis nostrud exercitation ullamco laboris nisi ut aliquip ex ea commodo consequat. There are many variations of passages of [&hellip;]","og_url":"https:\/\/festival262.com\/fr\/speaker_post\/john-smith\/","og_site_name":"F\/262 Festival Internacional de Fotografia","og_image":[{"width":330,"height":354,"url":"https:\/\/festival262.com\/wp-content\/uploads\/2019\/10\/speaker-06-330x354-1.jpg","type":"image\/jpeg"}],"twitter_card":"summary_large_image","twitter_misc":{"Dur\u00e9e de lecture estim\u00e9e":"2 minutes"},"schema":{"@context":"https:\/\/schema.org","@graph":[{"@type":"WebPage","@id":"https:\/\/festival262.com\/speaker_post\/john-smith\/","url":"https:\/\/festival262.com\/speaker_post\/john-smith\/","name":"John Smith - F\/262 Festival Internacional de Fotografia","isPartOf":{"@id":"https:\/\/festival262.com\/#website"},"primaryImageOfPage":{"@id":"https:\/\/festival262.com\/speaker_post\/john-smith\/#primaryimage"},"image":{"@id":"https:\/\/festival262.com\/speaker_post\/john-smith\/#primaryimage"},"thumbnailUrl":"https:\/\/festival262.com\/wp-content\/uploads\/2019\/10\/speaker-06-330x354-1.jpg","datePublished":"2019-10-28T15:32:58+00:00","breadcrumb":{"@id":"https:\/\/festival262.com\/speaker_post\/john-smith\/#breadcrumb"},"inLanguage":"fr-FR","potentialAction":[{"@type":"ReadAction","target":["https:\/\/festival262.com\/speaker_post\/john-smith\/"]}]},{"@type":"ImageObject","inLanguage":"fr-FR","@id":"https:\/\/festival262.com\/speaker_post\/john-smith\/#primaryimage","url":"https:\/\/festival262.com\/wp-content\/uploads\/2019\/10\/speaker-06-330x354-1.jpg","contentUrl":"https:\/\/festival262.com\/wp-content\/uploads\/2019\/10\/speaker-06-330x354-1.jpg","width":330,"height":354},{"@type":"BreadcrumbList","@id":"https:\/\/festival262.com\/speaker_post\/john-smith\/#breadcrumb","itemListElement":[{"@type":"ListItem","position":1,"name":"Home","item":"https:\/\/festival262.com\/"},{"@type":"ListItem","position":2,"name":"John Smith"}]},{"@type":"WebSite","@id":"https:\/\/festival262.com\/#website","url":"https:\/\/festival262.com\/","name":"F7262 Fetsival Internacional de Fotografia","description":"Photography as Culture, Community, and Practice","publisher":{"@id":"https:\/\/festival262.com\/#organization"},"alternateName":"Festival262","potentialAction":[{"@type":"SearchAction","target":{"@type":"EntryPoint","urlTemplate":"https:\/\/festival262.com\/?s={search_term_string}"},"query-input":{"@type":"PropertyValueSpecification","valueRequired":true,"valueName":"search_term_string"}}],"inLanguage":"fr-FR"},{"@type":"Organization","@id":"https:\/\/festival262.com\/#organization","name":"F\/262 Festival Internacional de Fotografia","url":"https:\/\/festival262.com\/","logo":{"@type":"ImageObject","inLanguage":"fr-FR","@id":"https:\/\/festival262.com\/#\/schema\/logo\/image\/","url":"https:\/\/festival262.com\/wp-content\/uploads\/2019\/10\/cropped-f-262-icon-e-logo-scaled-1.png","contentUrl":"https:\/\/festival262.com\/wp-content\/uploads\/2019\/10\/cropped-f-262-icon-e-logo-scaled-1.png","width":2558,"height":1048,"caption":"F\/262 Festival Internacional de Fotografia"},"image":{"@id":"https:\/\/festival262.com\/#\/schema\/logo\/image\/"}}]}},"_links":{"self":[{"href":"https:\/\/festival262.com\/fr\/wp-json\/wp\/v2\/speaker_post\/884","targetHints":{"allow":["GET"]}}],"collection":[{"href":"https:\/\/festival262.com\/fr\/wp-json\/wp\/v2\/speaker_post"}],"about":[{"href":"https:\/\/festival262.com\/fr\/wp-json\/wp\/v2\/types\/speaker_post"}],"version-history":[{"count":0,"href":"https:\/\/festival262.com\/fr\/wp-json\/wp\/v2\/speaker_post\/884\/revisions"}],"wp:featuredmedia":[{"embeddable":true,"href":"https:\/\/festival262.com\/fr\/wp-json\/wp\/v2\/media\/835"}],"wp:attachment":[{"href":"https:\/\/festival262.com\/fr\/wp-json\/wp\/v2\/media?parent=884"}],"wp:term":[{"taxonomy":"tax_speakers","embeddable":true,"href":"https:\/\/festival262.com\/fr\/wp-json\/wp\/v2\/tax_speakers?post=884"}],"curies":[{"name":"wp","href":"https:\/\/api.w.org\/{rel}","templated":true}]}}